{"id":760,"date":"2026-05-04T18:34:24","date_gmt":"2026-05-04T18:34:24","guid":{"rendered":"https:\/\/fofissima.com.br\/\/\/?p=760"},"modified":"2026-05-04T18:34:26","modified_gmt":"2026-05-04T18:34:26","slug":"hatekonysagi-alkalmazasok-amelyek-atalakitjak-a-rutinodat","status":"publish","type":"post","link":"https:\/\/fofissima.com.br\/hu\/hatekonysagi-alkalmazasok-amelyek-atalakitjak-a-rutinodat\/","title":{"rendered":"Hat\u00e9konys\u00e1gi alkalmaz\u00e1sok, amelyek \u00e1talak\u00edtj\u00e1k a rutinodat."},"content":{"rendered":"<p class=\"wp-block-paragraph\">A modern \u00e9let egyre nagyobb szervezetts\u00e9get, \u00f6sszpontos\u00edt\u00e1st \u00e9s hat\u00e9konys\u00e1got k\u00f6vetel. A szakmai k\u00f6telezetts\u00e9gek, a szem\u00e9lyes feladatok \u00e9s a v\u00e1ratlan napi esem\u00e9nyek k\u00f6z\u00f6tt sok embernek neh\u00e9zs\u00e9get okoz mindent k\u00e9zben tartani. Ebben az \u00f6sszef\u00fcgg\u00e9sben v\u00e1lnak a termel\u00e9kenys\u00e9gi alkalmaz\u00e1sok n\u00e9lk\u00fcl\u00f6zhetetlen sz\u00f6vets\u00e9gesekk\u00e9.<\/p>\n\n\n\n<p class=\"wp-block-paragraph\">Ezen eszk\u00f6z\u00f6k seg\u00edts\u00e9g\u00e9vel jobban megtervezheted az id\u0151det, megszervezheted a feladatokat, cs\u00f6kkentheted a zavar\u00f3 t\u00e9nyez\u0151ket \u00e9s jelent\u0151sen n\u00f6velheted a hat\u00e9konys\u00e1got. Azonban a rengeteg el\u00e9rhet\u0151 lehet\u0151s\u00e9g miatt felmer\u00fcl a k\u00e9rd\u00e9s: mely alkalmaz\u00e1sok hoznak val\u00f3ban v\u00e1ltoz\u00e1st?<\/p>\n\n\n\n<p class=\"wp-block-paragraph\">Ebben a cikkben r\u00e9szletesen megismerkedhetsz a f\u0151bb termel\u00e9kenys\u00e9gi alkalmaz\u00e1sokkal, meg\u00e9rtheted, hogyan kell helyesen haszn\u00e1lni \u0151ket, \u00e9s felfedezheted, hogyan alak\u00edthatj\u00e1k \u00e1t a rutinodat praktikus \u00e9s fenntarthat\u00f3 m\u00f3don.<\/p>\n\n\n\n<h2 class=\"wp-block-heading\">Mik azok a termel\u00e9kenys\u00e9gi alkalmaz\u00e1sok?<\/h2>\n\n\n\n<p class=\"wp-block-paragraph\">A termel\u00e9kenys\u00e9gi alkalmaz\u00e1sok digit\u00e1lis eszk\u00f6z\u00f6k, amelyeket a feladatok szervez\u00e9s\u00e9nek, tervez\u00e9s\u00e9nek \u00e9s v\u00e9grehajt\u00e1s\u00e1nak el\u0151seg\u00edt\u00e9s\u00e9re fejlesztettek ki. Messze t\u00falmutatnak az egyszer\u0171 teend\u0151list\u00e1kon, olyan funkci\u00f3kat k\u00edn\u00e1lva, mint az automatiz\u00e1l\u00e1s, a platformintegr\u00e1ci\u00f3, a teljes\u00edtm\u00e9nyelemz\u00e9s \u00e9s az id\u0151k\u00f6vet\u00e9s.<\/p>\n\n\n\n<p class=\"wp-block-paragraph\">Ezeknek az alkalmaz\u00e1soknak a f\u0151 c\u00e9lja az id\u0151d optimaliz\u00e1l\u00e1sa, lehet\u0151v\u00e9 t\u00e9ve a feladataid hat\u00e9konyabb \u00e9s kevesebb stresszel t\u00f6rt\u00e9n\u0151 elv\u00e9gz\u00e9s\u00e9t. Ez nem azt jelenti, hogy t\u00f6bbet kell dolgoznod, hanem ink\u00e1bb azt, hogy jobban kell dolgoznod.<\/p>\n\n\n\n<p class=\"wp-block-paragraph\">Ezeket az eszk\u00f6z\u00f6ket szakemberek, di\u00e1kok vagy b\u00e1rki haszn\u00e1lhatja, aki fejleszteni szeretn\u00e9 szem\u00e9lyes szervez\u0151k\u00e9szs\u00e9g\u00e9t.<\/p>\n\n\n\n<h2 class=\"wp-block-heading\">Mi\u00e9rt \u00e9rdemes termel\u00e9kenys\u00e9gi alkalmaz\u00e1sokat haszn\u00e1lni?<\/h2>\n\n\n\n<p class=\"wp-block-paragraph\">Ezeknek az alkalmaz\u00e1soknak a haszn\u00e1lata sz\u00e1mos el\u0151nnyel j\u00e1r. Az els\u0151 az \u00e1tl\u00e1that\u00f3s\u00e1g. Ha pontosan tudjuk, mit kell tenni, az cs\u00f6kkenti a szorong\u00e1st \u00e9s n\u00f6veli a koncentr\u00e1ci\u00f3t.<\/p>\n\n\n\n<p class=\"wp-block-paragraph\">Egy m\u00e1sik fontos szempont az id\u0151megtakar\u00edt\u00e1s. A feladatok rendszerez\u00e9s\u00e9vel \u00e9s a folyamatok automatiz\u00e1l\u00e1s\u00e1val elker\u00fclhet\u0151 az \u00e1tdolgoz\u00e1s, \u00e9s t\u00f6bb id\u0151 nyerhet\u0151 a fontos tev\u00e9kenys\u00e9gekre.<\/p>\n\n\n\n<p class=\"wp-block-paragraph\">Ezenk\u00edv\u00fcl ezek az alkalmaz\u00e1sok seg\u00edtenek a feladatok rangsorol\u00e1s\u00e1ban, biztos\u00edtva, hogy arra koncentr\u00e1lhass, ami igaz\u00e1n sz\u00e1m\u00edt.<\/p>\n\n\n\n<p class=\"wp-block-paragraph\">\u00c9rdemes kiemelni az \u00e9letmin\u0151s\u00e9gre gyakorolt hat\u00e1s\u00e1t is. Egy szervezettebb rutinnal cs\u00f6kkenthet\u0151 a stressz, \u00e9s egyens\u00falyt lehet tal\u00e1lni a munka \u00e9s a mag\u00e1n\u00e9let k\u00f6z\u00f6tt.<\/p>\n\n\n\n<h2 class=\"wp-block-heading\">Feladatkezel\u00e9si alkalmaz\u00e1sok<\/h2>\n\n\n\n<p class=\"wp-block-paragraph\">A termel\u00e9kenys\u00e9g n\u00f6vel\u00e9s\u00e9nek egyik legegyszer\u0171bb m\u00f3dja a feladatkezel\u0151 alkalmaz\u00e1sok haszn\u00e1lata.<\/p>\n\n\n\n<p class=\"wp-block-paragraph\">A Todoist az egyik legn\u00e9pszer\u0171bb. Lehet\u0151v\u00e9 teszi list\u00e1k l\u00e9trehoz\u00e1s\u00e1t, hat\u00e1rid\u0151k be\u00e1ll\u00edt\u00e1s\u00e1t, feladatok kateg\u00f3ri\u00e1k szerinti rendszerez\u00e9s\u00e9t \u00e9s a halad\u00e1s nyomon k\u00f6vet\u00e9s\u00e9t.<\/p>\n\n\n\n<p class=\"wp-block-paragraph\">Egy m\u00e1sik kiemelked\u0151 elem a Microsoft To Do, amely integr\u00e1ci\u00f3t k\u00edn\u00e1l m\u00e1s Microsoft szolg\u00e1ltat\u00e1sokkal \u00e9s egyszer\u0171 fel\u00fcletet k\u00edn\u00e1l.<\/p>\n\n\n\n<p class=\"wp-block-paragraph\">Ezek az alkalmaz\u00e1sok seg\u00edtenek az absztrakt feladatokat konkr\u00e9t cselekv\u00e9sekk\u00e9 alak\u00edtani, \u00edgy k\u00f6nnyebben v\u00e9grehajthat\u00f3k.<\/p>\n\n\n\n<h2 class=\"wp-block-heading\">Szervez\u0151 \u00e9s tervez\u0151 alkalmaz\u00e1sok<\/h2>\n\n\n\n<p class=\"wp-block-paragraph\">Azok sz\u00e1m\u00e1ra, akiknek \u00e1tfog\u00f3bb rendszerez\u00e9sre van sz\u00fcks\u00e9g\u00fck, vannak olyan alkalmaz\u00e1sok, amelyek k\u00fcl\u00f6nb\u00f6z\u0151 funkci\u00f3kat kombin\u00e1lnak.<\/p>\n\n\n\n<p class=\"wp-block-paragraph\">A Notion egy sokoldal\u00fa p\u00e9lda. Lehet\u0151v\u00e9 teszi jegyzetek l\u00e9trehoz\u00e1s\u00e1t, projektek rendszerez\u00e9s\u00e9t, feladatok kezel\u00e9s\u00e9t, s\u0151t ak\u00e1r egy\u00e9ni adatb\u00e1zisok l\u00e9trehoz\u00e1s\u00e1t is.<\/p>\n\n\n\n<p class=\"wp-block-paragraph\">Az Evernote ezzel szemben ide\u00e1lis inform\u00e1ci\u00f3k t\u00e1rol\u00e1s\u00e1ra, \u00f6tletek r\u00f6gz\u00edt\u00e9s\u00e9re \u00e9s tartalom rendszerez\u00e9s\u00e9re.<\/p>\n\n\n\n<p class=\"wp-block-paragraph\">Ezek az eszk\u00f6z\u00f6k a rutinod \u201cir\u00e1ny\u00edt\u00f3k\u00f6zpontjak\u00e9nt\u201d m\u0171k\u00f6dnek, mindent egy helyen \u00f6sszegy\u0171jtve.<\/p>\n\n\n\n<h2 class=\"wp-block-heading\">Projektmenedzsment alkalmaz\u00e1sok<\/h2>\n\n\n\n<p class=\"wp-block-paragraph\">Amikor a feladatok mennyis\u00e9ge n\u00f6vekszik, k\u00fcl\u00f6n\u00f6sen professzion\u00e1lis k\u00f6rnyezetben, a projektmenedzsment alkalmaz\u00e1sok elengedhetetlenn\u00e9 v\u00e1lnak.<\/p>\n\n\n\n<p class=\"wp-block-paragraph\">A Trello egy t\u00e1bl\u00e1kon \u00e9s k\u00e1rty\u00e1kon alapul\u00f3 vizu\u00e1lis rendszert haszn\u00e1l, \u00edgy k\u00f6nnyen nyomon k\u00f6vethet\u0151ek a feladatok.<\/p>\n\n\n\n<p class=\"wp-block-paragraph\">Az Asana ezzel szemben fejlettebb funkci\u00f3kat k\u00edn\u00e1l, mint p\u00e9ld\u00e1ul az \u00fctemtervek, a c\u00e9lok \u00e9s a csapatmunka.<\/p>\n\n\n\n<p class=\"wp-block-paragraph\">Ezek az alkalmaz\u00e1sok seg\u00edtenek a munkafolyamatok megszervez\u00e9s\u00e9ben \u00e9s biztos\u00edtj\u00e1k, hogy a projektek id\u0151ben elk\u00e9sz\u00fcljenek.<\/p>\n\n\n\n<h2 class=\"wp-block-heading\">F\u00f3kusz- \u00e9s koncentr\u00e1ci\u00f3s alkalmaz\u00e1sok<\/h2>\n\n\n\n<p class=\"wp-block-paragraph\">A koncentr\u00e1ci\u00f3 fenntart\u00e1sa a modern produktivit\u00e1s egyik legnagyobb kih\u00edv\u00e1sa. A figyelemelterel\u0151 t\u00e9nyez\u0151k folyamatosak, k\u00fcl\u00f6n\u00f6sen az \u00e9rtes\u00edt\u00e9sek \u00e9s a k\u00f6z\u00f6ss\u00e9gi m\u00e9dia eset\u00e9ben.<\/p>\n\n\n\n<p class=\"wp-block-paragraph\">Az Erd\u0151 egy kreat\u00edv megold\u00e1s. Arra \u00f6szt\u00f6nzi a felhaszn\u00e1l\u00f3t, hogy koncentr\u00e1ljon, \u00e9s \u00edgy \u201cn\u00f6vesszen\u201d egy virtu\u00e1lis f\u00e1t, \u00edgy a koncentr\u00e1ci\u00f3 j\u00e1t\u00e9kk\u00e1 v\u00e1lik.<\/p>\n\n\n\n<p class=\"wp-block-paragraph\">Egy m\u00e1sik p\u00e9lda a Pomodone, amely a Pomodoro technik\u00e1t alkalmazza, az id\u0151t munka- \u00e9s pihen\u0151ciklusokra osztva.<\/p>\n\n\n\n<p class=\"wp-block-paragraph\">Ezek az alkalmaz\u00e1sok seg\u00edtenek a fegyelem kialak\u00edt\u00e1s\u00e1ban \u00e9s a teljes\u00edtm\u00e9ny jav\u00edt\u00e1s\u00e1ban.<\/p>\n\n\n\n<h2 class=\"wp-block-heading\">Napt\u00e1r- \u00e9s \u00fctemez\u0151alkalmaz\u00e1sok<\/h2>\n\n\n\n<p class=\"wp-block-paragraph\">A tal\u00e1lkoz\u00f3k megszervez\u00e9se elengedhetetlen a k\u00e9sedelmek \u00e9s konfliktusok elker\u00fcl\u00e9se \u00e9rdek\u00e9ben.<\/p>\n\n\n\n<p class=\"wp-block-paragraph\">A Google Napt\u00e1r az egyik leg\u00e1tfog\u00f3bb eszk\u00f6z, amely lehet\u0151v\u00e9 teszi esem\u00e9nyek \u00fctemez\u00e9s\u00e9t, eml\u00e9keztet\u0151k be\u00e1ll\u00edt\u00e1s\u00e1t \u00e9s napt\u00e1rak megoszt\u00e1s\u00e1t.<\/p>\n\n\n\n<p class=\"wp-block-paragraph\">Egy m\u00e1sik \u00e9rdekes alkalmaz\u00e1s a Fantastical, amely intuit\u00edv fel\u00fclet\u00e9r\u0151l \u00e9s fejlett funkci\u00f3ir\u00f3l ismert.<\/p>\n\n\n\n<p class=\"wp-block-paragraph\">Ezek az alkalmaz\u00e1sok \u00e1ttekinthet\u0151 k\u00e9pet adnak az id\u0151dr\u0151l, \u00edgy k\u00f6nnyebb a tervez\u00e9s.<\/p>\n\n\n\n<h2 class=\"wp-block-heading\">Automatiz\u00e1l\u00e1si alkalmaz\u00e1sok<\/h2>\n\n\n\n<p class=\"wp-block-paragraph\">Az automatiz\u00e1l\u00e1s az egyik leghat\u00e9konyabb m\u00f3dja a termel\u00e9kenys\u00e9g n\u00f6vel\u00e9s\u00e9nek.<\/p>\n\n\n\n<p class=\"wp-block-paragraph\">Az IFTTT lehet\u0151v\u00e9 teszi kapcsolatok l\u00e9trehoz\u00e1s\u00e1t k\u00fcl\u00f6nb\u00f6z\u0151 alkalmaz\u00e1sok k\u00f6z\u00f6tt, automatiz\u00e1lva az egyszer\u0171 feladatokat.<\/p>\n\n\n\n<p class=\"wp-block-paragraph\">A Zapier ezzel szemben fejlettebb integr\u00e1ci\u00f3kat k\u00edn\u00e1l, \u00e9s sz\u00e9les k\u00f6rben haszn\u00e1lj\u00e1k professzion\u00e1lis k\u00f6rnyezetben.<\/p>\n\n\n\n<p class=\"wp-block-paragraph\">Ezek az eszk\u00f6z\u00f6k kik\u00fcsz\u00f6b\u00f6lik az ism\u00e9tl\u0151d\u0151 feladatokat, lehet\u0151v\u00e9 t\u00e9ve, hogy arra koncentr\u00e1lj, ami igaz\u00e1n sz\u00e1m\u00edt.<\/p>\n\n\n\n<h2 class=\"wp-block-heading\">Hogyan v\u00e1lasszuk ki az ide\u00e1lis alkalmaz\u00e1st<\/h2>\n\n\n\n<p class=\"wp-block-paragraph\">A rengeteg el\u00e9rhet\u0151 alkalmaz\u00e1s k\u00f6z\u00fcl neh\u00e9z lehet kiv\u00e1lasztani a megfelel\u0151t.<\/p>\n\n\n\n<p class=\"wp-block-paragraph\">Az els\u0151 l\u00e9p\u00e9s az ig\u00e9nyeid azonos\u00edt\u00e1sa. Sz\u00fcks\u00e9ged van feladatok rendszerez\u00e9s\u00e9re, a koncentr\u00e1ci\u00f3 jav\u00edt\u00e1s\u00e1ra vagy projektek kezel\u00e9s\u00e9re?<\/p>\n\n\n\n<p class=\"wp-block-paragraph\">Ker\u00fcld a t\u00fal sok alkalmaz\u00e1s egyidej\u0171 haszn\u00e1lat\u00e1t. Ez zavart okozhat \u00e9s cs\u00f6kkentheti a hat\u00e9konys\u00e1got.<\/p>\n\n\n\n<p class=\"wp-block-paragraph\">Fontos figyelembe venni az eszk\u00f6z\u00f6k k\u00f6z\u00f6tti integr\u00e1ci\u00f3t is. Az egy\u00fctt j\u00f3l m\u0171k\u00f6d\u0151 alkalmaz\u00e1sok g\u00f6rd\u00fcl\u00e9kenyebb\u00e9 teszik a rutint.<\/p>\n\n\n\n<p class=\"wp-block-paragraph\">Egy m\u00e1sik t\u00e9nyez\u0151 az egyszer\u0171s\u00e9g. A t\u00fal bonyolult eszk\u00f6z\u00f6k megnehez\u00edthetik a mindennapi haszn\u00e1latukat.<\/p>\n\n\n\n<h2 class=\"wp-block-heading\">Gyakori hib\u00e1k a termel\u00e9kenys\u00e9gi alkalmaz\u00e1sok haszn\u00e1latakor<\/h2>\n\n\n\n<p class=\"wp-block-paragraph\">B\u00e1r hasznosak, ezek az alkalmaz\u00e1sok vissza\u00e9l\u00e9sre is alkalmasak.<\/p>\n\n\n\n<p class=\"wp-block-paragraph\">Gyakori hiba, hogy kiz\u00e1r\u00f3lag az eszk\u00f6zre t\u00e1maszkodunk an\u00e9lk\u00fcl, hogy szervezeti szok\u00e1sokat alak\u00edtan\u00e1nk ki.<\/p>\n\n\n\n<p class=\"wp-block-paragraph\">Egy m\u00e1sik probl\u00e9ma a t\u00falzott tervez\u00e9s. A feladatok megszervez\u00e9s\u00e9re ford\u00edtott t\u00fal sok id\u0151 cs\u00f6kkentheti az elv\u00e9gz\u00e9s\u00fckre rendelkez\u00e9sre \u00e1ll\u00f3 id\u0151t.<\/p>\n\n\n\n<p class=\"wp-block-paragraph\">Az is gyakori, hogy n\u00e9h\u00e1ny nap ut\u00e1n elhagyj\u00e1k az alkalmaz\u00e1st. A k\u00f6vetkezetess\u00e9g kulcsfontoss\u00e1g\u00fa az eredm\u00e9nyek el\u00e9r\u00e9s\u00e9hez.<\/p>\n\n\n\n<p class=\"wp-block-paragraph\">V\u00e9g\u00fcl, elengedhetetlen az inform\u00e1ci\u00f3 t\u00falterhel\u00e9s elker\u00fcl\u00e9se. Csak a legsz\u00fcks\u00e9gesebb dolgok megtart\u00e1sa seg\u00edt fenntartani a f\u00f3kuszt.<\/p>\n\n\n\n<h2 class=\"wp-block-heading\">Tippek az eszk\u00f6z\u00f6k maxim\u00e1lis kihaszn\u00e1l\u00e1s\u00e1hoz<\/h2>\n\n\n\n<p class=\"wp-block-paragraph\">A hat\u00e9konys\u00e1gn\u00f6vel\u0151 alkalmaz\u00e1sok maxim\u00e1lis kihaszn\u00e1l\u00e1sa \u00e9rdek\u00e9ben n\u00e9h\u00e1ny aj\u00e1nlott gyakorlatot aj\u00e1nlunk.<\/p>\n\n\n\n<p class=\"wp-block-paragraph\">Alak\u00edts ki egy \u00e1ttekint\u00e9si rutint. Sz\u00e1nj n\u00e9h\u00e1ny percet a nap elej\u00e9n vagy v\u00e9g\u00e9n a feladatok rendszerez\u00e9s\u00e9re.<\/p>\n\n\n\n<p class=\"wp-block-paragraph\">\u00c1ll\u00edts fel egy\u00e9rtelm\u0171 priorit\u00e1sokat. Nem kell mindent egyszerre megtenni.<\/p>\n\n\n\n<p class=\"wp-block-paragraph\">Haszn\u00e1ld m\u00e9rt\u00e9kkel az \u00e9rtes\u00edt\u00e9seket. A t\u00fal sok figyelmeztet\u00e9s elvonhatja a figyelmet.<\/p>\n\n\n\n<p class=\"wp-block-paragraph\">Integr\u00e1lja az alkalmaz\u00e1sokat, amikor csak lehets\u00e9ges. Ez cs\u00f6kkenti a manu\u00e1lis munk\u00e1t.<\/p>\n\n\n\n<p class=\"wp-block-paragraph\">\u00c9s ami a legfontosabb, l\u00e9gy k\u00f6vetkezetes. A folyamatos haszn\u00e1lat az, ami eredm\u00e9nyeket hoz.<\/p>\n\n\n\n<h2 class=\"wp-block-heading\">A napi rutinra \u00e9s az \u00e9letmin\u0151s\u00e9gre gyakorolt hat\u00e1s.<\/h2>\n\n\n\n<p class=\"wp-block-paragraph\">Helyes haszn\u00e1lat eset\u00e9n a termel\u00e9kenys\u00e9gi alkalmaz\u00e1sok teljesen \u00e1talak\u00edthatj\u00e1k a rutinodat.<\/p>\n\n\n\n<p class=\"wp-block-paragraph\">Seg\u00edtenek cs\u00f6kkenteni a stresszt, n\u00f6velni a szervezetts\u00e9get \u00e9s jav\u00edtani a hat\u00e9konys\u00e1got.<\/p>\n\n\n\n<p class=\"wp-block-paragraph\">Ezenk\u00edv\u00fcl lehet\u0151v\u00e9 teszik, hogy jobban k\u00e9zben tartsd az id\u0151det, ami hozz\u00e1j\u00e1rul a jobb munka-mag\u00e1n\u00e9let egyens\u00falyhoz.<\/p>\n\n\n\n<p class=\"wp-block-paragraph\">Id\u0151vel ezek a v\u00e1ltoz\u00e1sok szok\u00e1ss\u00e1 v\u00e1lnak, ami jelent\u0151s javul\u00e1st eredm\u00e9nyez az \u00e9letmin\u0151s\u00e9gben.<\/p>\n\n\n\n<h2 class=\"wp-block-heading\">Digit\u00e1lis termel\u00e9kenys\u00e9gi trendek<\/h2>\n\n\n\n<p class=\"wp-block-paragraph\">A termel\u00e9kenys\u00e9g j\u00f6v\u0151je k\u00f6zvetlen\u00fcl \u00f6sszef\u00fcgg a technol\u00f3gi\u00e1val.<\/p>\n\n\n\n<p class=\"wp-block-paragraph\">A mesters\u00e9ges intelligencia egyre fontosabb szerepet fog j\u00e1tszani, szem\u00e9lyre szabott javaslatokat k\u00edn\u00e1lva \u00e9s automatiz\u00e1lva a feladatokat.<\/p>\n\n\n\n<p class=\"wp-block-paragraph\">Az alkalmaz\u00e1sok k\u00f6z\u00f6tti integr\u00e1ci\u00f3 v\u00e1rhat\u00f3an szint\u00e9n n\u00f6vekedni fog, teljesebb \u00f6kosziszt\u00e9m\u00e1kat teremtve.<\/p>\n\n\n\n<p class=\"wp-block-paragraph\">Tov\u00e1bb\u00e1 egyre nagyobb az aggodalom a j\u00f3ll\u00e9t ir\u00e1nt, a termel\u00e9kenys\u00e9g \u00e9s a ment\u00e1lis eg\u00e9szs\u00e9g egyens\u00faly\u00e1nak megteremt\u00e9s\u00e9re t\u00f6rekedve.<\/p>\n\n\n\n<p class=\"wp-block-paragraph\">Ezek a trendek azt mutatj\u00e1k, hogy a termel\u00e9kenys\u00e9g nem csak a t\u00f6bbet, hanem a jobb teljes\u00edtm\u00e9nyt jelenti.<\/p>\n\n\n\n<h2 class=\"wp-block-heading\">K\u00f6vetkeztet\u00e9s<\/h2>\n\n\n\n<p class=\"wp-block-paragraph\">A hat\u00e9konys\u00e1gn\u00f6vel\u0151 alkalmaz\u00e1sok hat\u00e9kony eszk\u00f6z\u00f6k azok sz\u00e1m\u00e1ra, akik jobban szeretn\u00e9k megszervezni a rutinjukat \u00e9s hat\u00e9konyabban haszn\u00e1lni az idej\u00fcket.<\/p>\n\n\n\n<p class=\"wp-block-paragraph\">A rengeteg lehet\u0151s\u00e9gnek k\u00f6sz\u00f6nhet\u0151en megold\u00e1st tal\u00e1lhatunk a legk\u00fcl\u00f6nf\u00e9l\u00e9bb ig\u00e9nyekre, az egyszer\u0171 feladatokt\u00f3l az \u00f6sszetett projektekig.<\/p>\n\n\n\n<p class=\"wp-block-paragraph\">Azonban a legfontosabb nem maga az alkalmaz\u00e1s, hanem az, hogyan haszn\u00e1lj\u00e1k. Fegyelemmel, k\u00f6vetkezetess\u00e9ggel \u00e9s strat\u00e9gi\u00e1val ezek az eszk\u00f6z\u00f6k val\u00f3ban \u00e1talak\u00edthatj\u00e1k a rutinodat.<\/p>\n\n\n\n<p class=\"wp-block-paragraph\">Ha ezeket az alkalmaz\u00e1sokat be\u00e9p\u00edted a mindennapjaidba, fontos l\u00e9p\u00e9st tehetsz egy szervezettebb, produkt\u00edvabb \u00e9s kiegyens\u00falyozottabb \u00e9let fel\u00e9.<\/p>","protected":false},"excerpt":{"rendered":"<p>A rotina moderna exige cada vez mais organiza\u00e7\u00e3o, foco e efici\u00eancia. Entre compromissos profissionais, tarefas pessoais e imprevistos do dia a dia, muitas pessoas sentem dificuldade em manter tudo sob controle. \u00c9 nesse cen\u00e1rio que os aplicativos de produtividade se tornam aliados indispens\u00e1veis. Com a ajuda dessas ferramentas, \u00e9 poss\u00edvel planejar melhor o tempo, organizar [&hellip;]<\/p>\n","protected":false},"author":1,"featured_media":761,"comment_status":"open","ping_status":"open","sticky":false,"template":"","format":"standard","meta":{"footnotes":""},"categories":[30],"tags":[],"class_list":["post-760","post","type-post","status-publish","format-standard","has-post-thumbnail","category-aplicativos"],"_links":{"self":[{"href":"https:\/\/fofissima.com.br\/hu\/wp-json\/wp\/v2\/posts\/760","targetHints":{"allow":["GET"]}}],"collection":[{"href":"https:\/\/fofissima.com.br\/hu\/wp-json\/wp\/v2\/posts"}],"about":[{"href":"https:\/\/fofissima.com.br\/hu\/wp-json\/wp\/v2\/types\/post"}],"author":[{"embeddable":true,"href":"https:\/\/fofissima.com.br\/hu\/wp-json\/wp\/v2\/users\/1"}],"replies":[{"embeddable":true,"href":"https:\/\/fofissima.com.br\/hu\/wp-json\/wp\/v2\/comments?post=760"}],"version-history":[{"count":1,"href":"https:\/\/fofissima.com.br\/hu\/wp-json\/wp\/v2\/posts\/760\/revisions"}],"predecessor-version":[{"id":762,"href":"https:\/\/fofissima.com.br\/hu\/wp-json\/wp\/v2\/posts\/760\/revisions\/762"}],"wp:featuredmedia":[{"embeddable":true,"href":"https:\/\/fofissima.com.br\/hu\/wp-json\/wp\/v2\/media\/761"}],"wp:attachment":[{"href":"https:\/\/fofissima.com.br\/hu\/wp-json\/wp\/v2\/media?parent=760"}],"wp:term":[{"taxonomy":"category","embeddable":true,"href":"https:\/\/fofissima.com.br\/hu\/wp-json\/wp\/v2\/categories?post=760"},{"taxonomy":"post_tag","embeddable":true,"href":"https:\/\/fofissima.com.br\/hu\/wp-json\/wp\/v2\/tags?post=760"}],"curies":[{"name":"munkaf\u00fczet","href":"https:\/\/api.w.org\/{rel}","templated":true}]}}